{"id":12473,"date":"2026-03-10T12:21:22","date_gmt":"2026-03-10T11:21:22","guid":{"rendered":"https:\/\/www.valeriebarkowski.com\/?p=12473"},"modified":"2026-03-20T12:30:31","modified_gmt":"2026-03-20T11:30:31","slug":"mia-zia-mode-artisanale-au-maroc-une-aventure-de-10-ans-1997-2007","status":"publish","type":"post","link":"https:\/\/www.valeriebarkowski.com\/fr\/mia-zia-mode-artisanale-au-maroc-une-aventure-de-10-ans-1997-2007\/","title":{"rendered":"Mia Zia : mode artisanale au Maroc, une aventure de 10 ans (1997-2007)"},"content":{"rendered":"\t\t<div data-elementor-type=\"wp-post\" data-elementor-id=\"12473\" class=\"elementor elementor-12473\" wpc-filter-elementor-widget=\"1\">\n\t\t\t\t<div class=\"elementor-element elementor-element-ccd65a9 e-flex e-con-boxed e-con e-parent\" data-id=\"ccd65a9\" data-element_type=\"container\" data-e-type=\"container\">\n\t\t\t\t\t<div class=\"e-con-inner\">\n\t\t\t\t<div class=\"elementor-element elementor-element-b443a10 elementor-widget elementor-widget-text-editor\" data-id=\"b443a10\" data-element_type=\"widget\" data-e-type=\"widget\" data-widget_type=\"text-editor.default\">\n\t\t\t\t\t\t\t\t\t<h2>La naissance d&rsquo;un projet : quand l&rsquo;art rencontre la mode artisanale<\/h2><p>En 1997, <strong>Val\u00e9rie Barkowski<\/strong> fonde <strong>Mia Zia<\/strong> \u00e0 <strong>Marrakech<\/strong>. L&rsquo;id\u00e9e na\u00eet d&rsquo;un besoin pratique : financer la <strong>Fondation Sahart<\/strong>, un projet artistique qu&rsquo;elle cr\u00e9e apr\u00e8s son installation dans la ville rouge. Au d\u00e9part, elle voulait monter une galerie d&rsquo;art. Mia Zia devient un accident heureux qui change tout.<br \/>Cette fondation accueille des artistes dans deux lieux : un riad restaur\u00e9 au c\u0153ur de la m\u00e9dina et un camp dans le d\u00e9sert pr\u00e8s de la fronti\u00e8re alg\u00e9rienne. Pour soutenir cette structure, elle dessine une premi\u00e8re \u00e9charpe en sabra, une soie v\u00e9g\u00e9tale locale.<br \/>Produite dans un atelier de la m\u00e9dina avec un investissement de 100 dollars, cette pi\u00e8ce \u00e0 <strong>rayures multicolores<\/strong> devient rapidement la signature de la marque. Celle qui devait financer la fondation se transforme en une aventure de <strong>mode artisanale<\/strong> qui durera dix ans.<\/p>\t\t\t\t\t\t\t\t<\/div>\n\t\t\t\t<div class=\"elementor-element elementor-element-d73a481 elementor-widget elementor-widget-image\" data-id=\"d73a481\" data-element_type=\"widget\" data-e-type=\"widget\" data-widget_type=\"image.default\">\n\t\t\t\t\t\t\t\t\t\t\t\t<figure class=\"wp-caption\">\n\t\t\t\t\t\t\t\t\t\t<img fetchpriority=\"high\" decoding=\"async\" width=\"1024\" height=\"731\" src=\"https:\/\/www.valeriebarkowski.com\/wp-content\/uploads\/2026\/02\/mia-zia-1998-photo-valerie-barkowski-1024x731.jpg\" class=\"attachment-large size-large wp-image-12521\" alt=\"mia zia \u00e9charpe 1998\" srcset=\"https:\/\/www.valeriebarkowski.com\/wp-content\/uploads\/2026\/02\/mia-zia-1998-photo-valerie-barkowski-1024x731.jpg 1024w, https:\/\/www.valeriebarkowski.com\/wp-content\/uploads\/2026\/02\/mia-zia-1998-photo-valerie-barkowski-300x214.jpg 300w, https:\/\/www.valeriebarkowski.com\/wp-content\/uploads\/2026\/02\/mia-zia-1998-photo-valerie-barkowski-768x548.jpg 768w, https:\/\/www.valeriebarkowski.com\/wp-content\/uploads\/2026\/02\/mia-zia-1998-photo-valerie-barkowski-350x250.jpg 350w, https:\/\/www.valeriebarkowski.com\/wp-content\/uploads\/2026\/02\/mia-zia-1998-photo-valerie-barkowski-680x486.jpg 680w, https:\/\/www.valeriebarkowski.com\/wp-content\/uploads\/2026\/02\/mia-zia-1998-photo-valerie-barkowski.jpg 1500w\" sizes=\"(max-width: 1024px) 100vw, 1024px\" \/>\t\t\t\t\t\t\t\t\t\t\t<figcaption class=\"widget-image-caption wp-caption-text\">Photo : VB<\/figcaption>\n\t\t\t\t\t\t\t\t\t\t<\/figure>\n\t\t\t\t\t\t\t\t\t<\/div>\n\t\t\t\t<div class=\"elementor-element elementor-element-fca02ee elementor-widget elementor-widget-text-editor\" data-id=\"fca02ee\" data-element_type=\"widget\" data-e-type=\"widget\" data-widget_type=\"text-editor.default\">\n\t\t\t\t\t\t\t\t\t<h2>L&rsquo;\u00e9volution des collections : du textile au pr\u00eat-\u00e0-porter<\/h2><h3>Les premi\u00e8res pi\u00e8ces embl\u00e9matiques<\/h3><p>De cette premi\u00e8re \u00e9charpe, <strong>Mia Zia<\/strong> d\u00e9veloppe progressivement une gamme compl\u00e8te. Chaussettes qui ne s&rsquo;usent jamais, babouches ray\u00e9es, puis v\u00eatements : pulls, chemises, robes, jupes, espadrilles, sacs. Les techniques se diversifient : <strong>broderie manuelle<\/strong>, crochet, association de mati\u00e8res comme le coton, le m\u00e9rinos et la sabra.<\/p><h3>Une identit\u00e9 visuelle forte<\/h3><p>Les <strong>couleurs vives<\/strong> et les rayures multicolores deviennent l&rsquo;ADN de la marque. Les collections bi-annuelles affirment une identit\u00e9 claire. Les formes restent simples, les finitions soign\u00e9es.<br \/>En 2002, la collection se pr\u00e9sente elle-m\u00eame : \u00ab Je m&rsquo;appelle Mia Zia. J&rsquo;ai presque 5 ans. On m&rsquo;a dit \u00e9clatante, fra\u00eeche. \u00bb En 2003, la ligne \u00ab Mia Zia Voyage \u00bb t\u00e9moigne de l&rsquo;ouverture sur le monde qui guide le projet.<\/p>\t\t\t\t\t\t\t\t<\/div>\n\t\t\t\t<div class=\"elementor-element elementor-element-c0e3ee0 elementor-widget elementor-widget-image\" data-id=\"c0e3ee0\" data-element_type=\"widget\" data-e-type=\"widget\" data-widget_type=\"image.default\">\n\t\t\t\t\t\t\t\t\t\t\t\t<figure class=\"wp-caption\">\n\t\t\t\t\t\t\t\t\t\t<img decoding=\"async\" width=\"1024\" height=\"731\" src=\"https:\/\/www.valeriebarkowski.com\/wp-content\/uploads\/2026\/02\/mia-zia-2004-design-valerie-barkowski-nicolas-tosi-photo-1024x731.jpg\" class=\"attachment-large size-large wp-image-12475\" alt=\"mia zia\" srcset=\"https:\/\/www.valeriebarkowski.com\/wp-content\/uploads\/2026\/02\/mia-zia-2004-design-valerie-barkowski-nicolas-tosi-photo-1024x731.jpg 1024w, https:\/\/www.valeriebarkowski.com\/wp-content\/uploads\/2026\/02\/mia-zia-2004-design-valerie-barkowski-nicolas-tosi-photo-300x214.jpg 300w, https:\/\/www.valeriebarkowski.com\/wp-content\/uploads\/2026\/02\/mia-zia-2004-design-valerie-barkowski-nicolas-tosi-photo-768x548.jpg 768w, https:\/\/www.valeriebarkowski.com\/wp-content\/uploads\/2026\/02\/mia-zia-2004-design-valerie-barkowski-nicolas-tosi-photo-350x250.jpg 350w, https:\/\/www.valeriebarkowski.com\/wp-content\/uploads\/2026\/02\/mia-zia-2004-design-valerie-barkowski-nicolas-tosi-photo-680x486.jpg 680w, https:\/\/www.valeriebarkowski.com\/wp-content\/uploads\/2026\/02\/mia-zia-2004-design-valerie-barkowski-nicolas-tosi-photo.jpg 1500w\" sizes=\"(max-width: 1024px) 100vw, 1024px\" \/>\t\t\t\t\t\t\t\t\t\t\t<figcaption class=\"widget-image-caption wp-caption-text\">Photo : Nicolas Tosi<\/figcaption>\n\t\t\t\t\t\t\t\t\t\t<\/figure>\n\t\t\t\t\t\t\t\t\t<\/div>\n\t\t\t\t<div class=\"elementor-element elementor-element-e33d2cb elementor-widget elementor-widget-text-editor\" data-id=\"e33d2cb\" data-element_type=\"widget\" data-e-type=\"widget\" data-widget_type=\"text-editor.default\">\n\t\t\t\t\t\t\t\t\t<h2>Un mod\u00e8le de production artisanale et responsable<\/h2><h3>Le savoir-faire au c\u0153ur du projet<\/h3><p><strong>Mia Zia<\/strong> construit son d\u00e9veloppement sur une collaboration directe avec les <strong>artisans<\/strong> marocains. Jusqu&rsquo;\u00e0 <strong>500 brodeuses<\/strong> travaillent \u00e0 domicile. L&rsquo;\u00e9quipe salari\u00e9e atteint environ <strong>300 personnes<\/strong>. Ce mod\u00e8le, rare \u00e0 l&rsquo;\u00e9poque, associe <strong>cr\u00e9ation contemporaine<\/strong> et engagement social.<br \/>Le studio de cr\u00e9ation se r\u00e9partit entre la France et le Maroc. L&rsquo;\u00e9quipe g\u00e8re les collections, suit la <strong>production artisanale<\/strong>, pr\u00e9sente les pi\u00e8ces dans les salons professionnels internationaux. Chaque d\u00e9cision respecte les <strong>savoir-faire locaux<\/strong> et les contraintes du travail manuel.<\/p><h3>Une approche pionni\u00e8re de la slow fashion<\/h3><p>Cette approche anticipe ce que l&rsquo;on appellera plus tard la slow fashion. La marque produit \u00e0 \u00e9chelle humaine, refuse la surproduction, privil\u00e9gie les petites s\u00e9ries. <strong>Mia Zia<\/strong> se positionne d\u00e9lib\u00e9r\u00e9ment en dehors des tendances \u00e9ph\u00e9m\u00e8res. Les pi\u00e8ces visent l&rsquo;authenticit\u00e9 et la dur\u00e9e.<\/p>\t\t\t\t\t\t\t\t<\/div>\n\t\t\t\t<div class=\"elementor-element elementor-element-7e76c99 elementor-widget elementor-widget-image\" data-id=\"7e76c99\" data-element_type=\"widget\" data-e-type=\"widget\" data-widget_type=\"image.default\">\n\t\t\t\t\t\t\t\t\t\t\t\t<figure class=\"wp-caption\">\n\t\t\t\t\t\t\t\t\t\t<img decoding=\"async\" width=\"1024\" height=\"681\" src=\"https:\/\/www.valeriebarkowski.com\/wp-content\/uploads\/2026\/02\/mia-zia-2002-vbarkowski-francesca-torre-photo-1024x681.jpg\" class=\"attachment-large size-large wp-image-12709\" alt=\"mia zia mode intemporelle\" srcset=\"https:\/\/www.valeriebarkowski.com\/wp-content\/uploads\/2026\/02\/mia-zia-2002-vbarkowski-francesca-torre-photo-1024x681.jpg 1024w, https:\/\/www.valeriebarkowski.com\/wp-content\/uploads\/2026\/02\/mia-zia-2002-vbarkowski-francesca-torre-photo-300x199.jpg 300w, https:\/\/www.valeriebarkowski.com\/wp-content\/uploads\/2026\/02\/mia-zia-2002-vbarkowski-francesca-torre-photo-768x510.jpg 768w, https:\/\/www.valeriebarkowski.com\/wp-content\/uploads\/2026\/02\/mia-zia-2002-vbarkowski-francesca-torre-photo-350x233.jpg 350w, https:\/\/www.valeriebarkowski.com\/wp-content\/uploads\/2026\/02\/mia-zia-2002-vbarkowski-francesca-torre-photo-680x452.jpg 680w, https:\/\/www.valeriebarkowski.com\/wp-content\/uploads\/2026\/02\/mia-zia-2002-vbarkowski-francesca-torre-photo.jpg 1500w\" sizes=\"(max-width: 1024px) 100vw, 1024px\" \/>\t\t\t\t\t\t\t\t\t\t\t<figcaption class=\"widget-image-caption wp-caption-text\">Photo : Francesca Tore<\/figcaption>\n\t\t\t\t\t\t\t\t\t\t<\/figure>\n\t\t\t\t\t\t\t\t\t<\/div>\n\t\t\t\t<div class=\"elementor-element elementor-element-0c13889 elementor-widget elementor-widget-text-editor\" data-id=\"0c13889\" data-element_type=\"widget\" data-e-type=\"widget\" data-widget_type=\"text-editor.default\">\n\t\t\t\t\t\t\t\t\t<h2>Le d\u00e9veloppement international d&rsquo;une marque textile engag\u00e9e<\/h2><h3>Des boutiques \u00e0 l&rsquo;international<\/h3><p>La marque ouvre des boutiques dans plusieurs villes : Paris, Gen\u00e8ve, Saint-Barth, Marseille, Ibiza. Elle compte jusqu&rsquo;\u00e0 <strong>400 points de vente<\/strong> \u00e0 travers le monde, incluant des boutiques en propre et des franchises. Les collections sont pr\u00e9sentes au Japon, en \u00c9quateur, en Italie, en Scandinavie et aux \u00c9tats-Unis.<\/p><h3>La reconnaissance du milieu<\/h3><p>Les grands magasins parisiens comme <strong>Franck &amp; Fils<\/strong> donnent carte blanche \u00e0 Val\u00e9rie Barkowski pour mettre en sc\u00e8ne l&rsquo;univers Mia Zia. La <strong>marque textile<\/strong> participe r\u00e9guli\u00e8rement aux salons professionnels, notamment Maison &amp; Objet \u00e0 Paris.<br \/>Cette expansion prouve qu&rsquo;une <strong>production \u00e9thique<\/strong> peut atteindre une \u00e9chelle internationale sans renier ses principes fondateurs.<\/p>\t\t\t\t\t\t\t\t<\/div>\n\t\t\t\t<div class=\"elementor-element elementor-element-43e896e elementor-widget elementor-widget-image\" data-id=\"43e896e\" data-element_type=\"widget\" data-e-type=\"widget\" data-widget_type=\"image.default\">\n\t\t\t\t\t\t\t\t\t\t\t\t<figure class=\"wp-caption\">\n\t\t\t\t\t\t\t\t\t\t<img loading=\"lazy\" decoding=\"async\" width=\"1024\" height=\"731\" src=\"https:\/\/www.valeriebarkowski.com\/wp-content\/uploads\/2026\/02\/mia-zia-mode-artisanale-summer-2005-1024x731.jpg\" class=\"attachment-large size-large wp-image-12477\" alt=\"mia zia sandales artisanales\" srcset=\"https:\/\/www.valeriebarkowski.com\/wp-content\/uploads\/2026\/02\/mia-zia-mode-artisanale-summer-2005-1024x731.jpg 1024w, https:\/\/www.valeriebarkowski.com\/wp-content\/uploads\/2026\/02\/mia-zia-mode-artisanale-summer-2005-300x214.jpg 300w, https:\/\/www.valeriebarkowski.com\/wp-content\/uploads\/2026\/02\/mia-zia-mode-artisanale-summer-2005-768x548.jpg 768w, https:\/\/www.valeriebarkowski.com\/wp-content\/uploads\/2026\/02\/mia-zia-mode-artisanale-summer-2005-350x250.jpg 350w, https:\/\/www.valeriebarkowski.com\/wp-content\/uploads\/2026\/02\/mia-zia-mode-artisanale-summer-2005-680x486.jpg 680w, https:\/\/www.valeriebarkowski.com\/wp-content\/uploads\/2026\/02\/mia-zia-mode-artisanale-summer-2005.jpg 1500w\" sizes=\"(max-width: 1024px) 100vw, 1024px\" \/>\t\t\t\t\t\t\t\t\t\t\t<figcaption class=\"widget-image-caption wp-caption-text\">Photo : Nicolas Tosi<\/figcaption>\n\t\t\t\t\t\t\t\t\t\t<\/figure>\n\t\t\t\t\t\t\t\t\t<\/div>\n\t\t\t\t<div class=\"elementor-element elementor-element-8ed4740 elementor-widget elementor-widget-text-editor\" data-id=\"8ed4740\" data-element_type=\"widget\" data-e-type=\"widget\" data-widget_type=\"text-editor.default\">\n\t\t\t\t\t\t\t\t\t<h2>La cession de 2007 et ses cons\u00e9quences<\/h2><h3>Un tournant difficile<\/h3><p>En 2007, apr\u00e8s dix ans de d\u00e9veloppement, Val\u00e9rie Barkowski c\u00e8de la <strong>marque Mia Zia<\/strong>. \u00c0 ce moment, elle mesure mal la force du nom qu&rsquo;elle a construit et la fid\u00e9lit\u00e9 du public qui s&rsquo;y attache.<br \/>La marque continue d&rsquo;exister sous une autre direction. Les nouveaux propri\u00e9taires maintiennent une production, mais les choix cr\u00e9atifs et qualitatifs divergent progressivement des fondations initiales. Les produits reprennent les codes visuels sans renouveler la cr\u00e9ativit\u00e9 ni l&rsquo;identit\u00e9. L&rsquo;exigence qui guidait chaque collection, chaque finition, ne trouve pas de relais.<\/p><h3>Quand les clients cherchent la cr\u00e9atrice<\/h3><p>Aujourd&rsquo;hui encore, des clients voient Mia Zia en boutique ou en ligne et per\u00e7oivent cette diff\u00e9rence. Ils sentent que quelque chose s&rsquo;est perdu. Certains pensent que <strong>Val\u00e9rie Barkowski<\/strong> a cess\u00e9 de cr\u00e9er.<br \/>D&rsquo;autres savent o\u00f9 elle se trouve et continuent \u00e0 suivre son travail : ils regrettent simplement cette collection si personnelle, qui fut une \u00e9tape de sa vie cr\u00e9ative. Apr\u00e8s la cession, elle est pass\u00e9e \u00e0 autre chose.<\/p><p>D&rsquo;autres la d\u00e9couvrent ou la red\u00e9couvrent par hasard : dans une \u00e9mission de t\u00e9l\u00e9vision, via un projet men\u00e9 pour un client (AM.PM, Nuxe, CFOC, <strong>Steamship Sudan<\/strong>), \u00e0 <strong>Marrakech<\/strong> dans sa boutique de la m\u00e9dina, ou en s\u00e9journant au <strong>riad Dar Kawa<\/strong>. Ils red\u00e9couvrent son univers ou continuent \u00e0 vivre avec ses cr\u00e9ations depuis des ann\u00e9es.<\/p>\t\t\t\t\t\t\t\t<\/div>\n\t\t\t\t<div class=\"elementor-element elementor-element-b427a4a elementor-widget elementor-widget-image\" data-id=\"b427a4a\" data-element_type=\"widget\" data-e-type=\"widget\" data-widget_type=\"image.default\">\n\t\t\t\t\t\t\t\t\t\t\t\t<figure class=\"wp-caption\">\n\t\t\t\t\t\t\t\t\t\t<img loading=\"lazy\" decoding=\"async\" width=\"1024\" height=\"731\" src=\"https:\/\/www.valeriebarkowski.com\/wp-content\/uploads\/2026\/02\/mia-zia-mode-artisanale-2001-f-torre-photo-1024x731.jpg\" class=\"attachment-large size-large wp-image-12476\" alt=\"\" srcset=\"https:\/\/www.valeriebarkowski.com\/wp-content\/uploads\/2026\/02\/mia-zia-mode-artisanale-2001-f-torre-photo-1024x731.jpg 1024w, https:\/\/www.valeriebarkowski.com\/wp-content\/uploads\/2026\/02\/mia-zia-mode-artisanale-2001-f-torre-photo-300x214.jpg 300w, https:\/\/www.valeriebarkowski.com\/wp-content\/uploads\/2026\/02\/mia-zia-mode-artisanale-2001-f-torre-photo-768x548.jpg 768w, https:\/\/www.valeriebarkowski.com\/wp-content\/uploads\/2026\/02\/mia-zia-mode-artisanale-2001-f-torre-photo-350x250.jpg 350w, https:\/\/www.valeriebarkowski.com\/wp-content\/uploads\/2026\/02\/mia-zia-mode-artisanale-2001-f-torre-photo-680x486.jpg 680w, https:\/\/www.valeriebarkowski.com\/wp-content\/uploads\/2026\/02\/mia-zia-mode-artisanale-2001-f-torre-photo.jpg 1500w\" sizes=\"(max-width: 1024px) 100vw, 1024px\" \/>\t\t\t\t\t\t\t\t\t\t\t<figcaption class=\"widget-image-caption wp-caption-text\">Francesca Torre<\/figcaption>\n\t\t\t\t\t\t\t\t\t\t<\/figure>\n\t\t\t\t\t\t\t\t\t<\/div>\n\t\t\t\t<div class=\"elementor-element elementor-element-58192a8 elementor-widget elementor-widget-text-editor\" data-id=\"58192a8\" data-element_type=\"widget\" data-e-type=\"widget\" data-widget_type=\"text-editor.default\">\n\t\t\t\t\t\t\t\t\t<h2>La continuit\u00e9 : V.Barkowski, la vraie suite de l&rsquo;histoire<\/h2><h3>Un parall\u00e8le m\u00e9connu<\/h3><p>D\u00e8s <strong>1997<\/strong>, en parall\u00e8le de Mia Zia, elle d\u00e9veloppe sa marque de <strong>linge de maison V.Barkowski<\/strong> selon les m\u00eames principes. Si les \u00e9charpes Mia Zia se sont d\u00e9velopp\u00e9es \u00e0 la vitesse de l&rsquo;\u00e9clair avec un investissement de 100 dollars, le linge de maison lui a co\u00fbt\u00e9 trois ann\u00e9es de travail acharn\u00e9 avant de pouvoir vendre la premi\u00e8re pi\u00e8ce.<\/p><h3>Une fid\u00e9lit\u00e9 qui traverse les g\u00e9n\u00e9rations<\/h3><p>Certains clients sont rest\u00e9s fid\u00e8les depuis le d\u00e9but. D&rsquo;autres sont les enfants de ces premiers acheteurs, devenus adultes. Ils entrent dans la boutique et disent : \u00ab Je dors dans vos draps depuis que je suis enfant. J&rsquo;ai toujours ces draps, ma m\u00e8re me les a donn\u00e9s. Maintenant je veux commander ma propre parure de lit chez vous. \u00bb<\/p>\t\t\t\t\t\t\t\t<\/div>\n\t\t\t\t<div class=\"elementor-element elementor-element-e5ed013 elementor-widget elementor-widget-image\" data-id=\"e5ed013\" data-element_type=\"widget\" data-e-type=\"widget\" data-widget_type=\"image.default\">\n\t\t\t\t\t\t\t\t\t\t\t\t<figure class=\"wp-caption\">\n\t\t\t\t\t\t\t\t\t\t<img loading=\"lazy\" decoding=\"async\" width=\"1024\" height=\"731\" src=\"https:\/\/www.valeriebarkowski.com\/wp-content\/uploads\/2026\/02\/mia-zia-2003-hiver-mode-nicolas-tosi-photo-1024x731.jpg\" class=\"attachment-large size-large wp-image-12486\" alt=\"mia zia\" srcset=\"https:\/\/www.valeriebarkowski.com\/wp-content\/uploads\/2026\/02\/mia-zia-2003-hiver-mode-nicolas-tosi-photo-1024x731.jpg 1024w, https:\/\/www.valeriebarkowski.com\/wp-content\/uploads\/2026\/02\/mia-zia-2003-hiver-mode-nicolas-tosi-photo-300x214.jpg 300w, https:\/\/www.valeriebarkowski.com\/wp-content\/uploads\/2026\/02\/mia-zia-2003-hiver-mode-nicolas-tosi-photo-768x548.jpg 768w, https:\/\/www.valeriebarkowski.com\/wp-content\/uploads\/2026\/02\/mia-zia-2003-hiver-mode-nicolas-tosi-photo-350x250.jpg 350w, https:\/\/www.valeriebarkowski.com\/wp-content\/uploads\/2026\/02\/mia-zia-2003-hiver-mode-nicolas-tosi-photo-680x486.jpg 680w, https:\/\/www.valeriebarkowski.com\/wp-content\/uploads\/2026\/02\/mia-zia-2003-hiver-mode-nicolas-tosi-photo.jpg 1500w\" sizes=\"(max-width: 1024px) 100vw, 1024px\" \/>\t\t\t\t\t\t\t\t\t\t\t<figcaption class=\"widget-image-caption wp-caption-text\">Photo : Nicolas Tosi<\/figcaption>\n\t\t\t\t\t\t\t\t\t\t<\/figure>\n\t\t\t\t\t\t\t\t\t<\/div>\n\t\t\t\t<div class=\"elementor-element elementor-element-5652aed elementor-widget elementor-widget-text-editor\" data-id=\"5652aed\" data-element_type=\"widget\" data-e-type=\"widget\" data-widget_type=\"text-editor.default\">\n\t\t\t\t\t\t\t\t\t<h2>Les le\u00e7ons d&rsquo;une aventure textile unique<\/h2><h3>Ce qu&rsquo;enseigne Mia Zia<\/h3><p>Cette exp\u00e9rience enseigne qu&rsquo;une marque n&rsquo;est pas seulement un nom. Elle repose sur une vision, une m\u00e9thode, une constance dans l&rsquo;exigence et sur le vrai. <strong>Val\u00e9rie Barkowski<\/strong> n&rsquo;a jamais fait de compromis, jamais cherch\u00e9 \u00e0 vendre \u00e0 tout prix. Elle a toujours fait des choix de raison. Quand ces \u00e9l\u00e9ments disparaissent, l&rsquo;identit\u00e9 se dilue, m\u00eame si le nom persiste.<\/p><h3>Un h\u00e9ritage qui perdure<\/h3><p>Le projet <strong>Mia Zia original<\/strong>, celui des dix premi\u00e8res ann\u00e9es de la marque, reste une r\u00e9f\u00e9rence en mati\u00e8re de <strong>mode artisanale<\/strong> et de <strong>production responsable au Maroc<\/strong>. Il d\u00e9montre qu&rsquo;une marque peut cro\u00eetre \u00e0 l&rsquo;international tout en pr\u00e9servant ses<strong> m\u00e9thodes de fabrication locales<\/strong> et qu&rsquo;un engagement social fort peut coexister avec une <strong>esth\u00e9tique contemporaine<\/strong> exigeante.<\/p>\t\t\t\t\t\t\t\t<\/div>\n\t\t\t\t<div class=\"elementor-element elementor-element-b3efb05 elementor-arrows-position-inside elementor-pagination-position-outside elementor-widget elementor-widget-image-carousel\" data-id=\"b3efb05\" data-element_type=\"widget\" data-e-type=\"widget\" data-settings=\"{&quot;slides_to_show&quot;:&quot;1&quot;,&quot;navigation&quot;:&quot;both&quot;,&quot;autoplay&quot;:&quot;yes&quot;,&quot;pause_on_hover&quot;:&quot;yes&quot;,&quot;pause_on_interaction&quot;:&quot;yes&quot;,&quot;autoplay_speed&quot;:5000,&quot;infinite&quot;:&quot;yes&quot;,&quot;effect&quot;:&quot;slide&quot;,&quot;speed&quot;:500}\" data-widget_type=\"image-carousel.default\">\n\t\t\t\t\t\t\t<div class=\"elementor-image-carousel-wrapper swiper\" role=\"region\" aria-roledescription=\"carousel\" aria-label=\"Carrousel d\u2019images\" dir=\"ltr\">\n\t\t\t<div class=\"elementor-image-carousel swiper-wrapper\" aria-live=\"off\">\n\t\t\t\t\t\t\t\t<div class=\"swiper-slide\" role=\"group\" aria-roledescription=\"slide\" aria-label=\"1 sur 8\"><figure class=\"swiper-slide-inner\"><img decoding=\"async\" class=\"swiper-slide-image\" src=\"https:\/\/www.valeriebarkowski.com\/wp-content\/uploads\/2026\/03\/press-mia-zia-vbarkowski-cote-sud-france-2006-4b.jpg\" alt=\"presse mia zia cote sud france\" \/><figcaption class=\"elementor-image-carousel-caption\">Cot\u00e9 Sud 2006<\/figcaption><\/figure><\/div><div class=\"swiper-slide\" role=\"group\" aria-roledescription=\"slide\" aria-label=\"2 sur 8\"><figure class=\"swiper-slide-inner\"><img decoding=\"async\" class=\"swiper-slide-image\" src=\"https:\/\/www.valeriebarkowski.com\/wp-content\/uploads\/2026\/02\/press-mia-zia-vbarkowski-cote-sud-france-2006-1.jpg\" alt=\"Cot\u00e9 Sud 2006\" \/><figcaption class=\"elementor-image-carousel-caption\">Cot\u00e9 Sud 2006<\/figcaption><\/figure><\/div><div class=\"swiper-slide\" role=\"group\" aria-roledescription=\"slide\" aria-label=\"3 sur 8\"><figure class=\"swiper-slide-inner\"><img decoding=\"async\" class=\"swiper-slide-image\" src=\"https:\/\/www.valeriebarkowski.com\/wp-content\/uploads\/2026\/02\/press-mia-zia-vbarkowski-cote-sud-france-2006-2.jpg\" alt=\"Cot\u00e9 Sud 2006\" \/><figcaption class=\"elementor-image-carousel-caption\">Cot\u00e9 Sud 2006<\/figcaption><\/figure><\/div><div class=\"swiper-slide\" role=\"group\" aria-roledescription=\"slide\" aria-label=\"4 sur 8\"><figure class=\"swiper-slide-inner\"><img decoding=\"async\" class=\"swiper-slide-image\" src=\"https:\/\/www.valeriebarkowski.com\/wp-content\/uploads\/2026\/02\/press-mia-zia-vbarkowski-cote-sud-france-2006-3.jpg\" alt=\"Cot\u00e9 Sud 2006\" \/><figcaption class=\"elementor-image-carousel-caption\">Cot\u00e9 Sud 2006<\/figcaption><\/figure><\/div><div class=\"swiper-slide\" role=\"group\" aria-roledescription=\"slide\" aria-label=\"5 sur 8\"><figure class=\"swiper-slide-inner\"><img decoding=\"async\" class=\"swiper-slide-image\" src=\"https:\/\/www.valeriebarkowski.com\/wp-content\/uploads\/2026\/02\/press-mia-zia-paris-match-france-couverture.jpg\" alt=\"Paris Match 2002\" \/><figcaption class=\"elementor-image-carousel-caption\">Paris Match 2002<\/figcaption><\/figure><\/div><div class=\"swiper-slide\" role=\"group\" aria-roledescription=\"slide\" aria-label=\"6 sur 8\"><figure class=\"swiper-slide-inner\"><img decoding=\"async\" class=\"swiper-slide-image\" src=\"https:\/\/www.valeriebarkowski.com\/wp-content\/uploads\/2026\/02\/press-mia-zia-vbarkowski-paris-match-france.jpg\" alt=\"Paris Match 2002\" \/><figcaption class=\"elementor-image-carousel-caption\">Paris Match 2002<\/figcaption><\/figure><\/div><div class=\"swiper-slide\" role=\"group\" aria-roledescription=\"slide\" aria-label=\"7 sur 8\"><figure class=\"swiper-slide-inner\"><img decoding=\"async\" class=\"swiper-slide-image\" src=\"https:\/\/www.valeriebarkowski.com\/wp-content\/uploads\/2026\/03\/mia-zia-presse-nouvel-obs-fr-mai-2004-cover-ok.jpg\" alt=\"mia zia presse nouvel obs 2006\" \/><figcaption class=\"elementor-image-carousel-caption\">Nouvel Obs 2004<\/figcaption><\/figure><\/div><div class=\"swiper-slide\" role=\"group\" aria-roledescription=\"slide\" aria-label=\"8 sur 8\"><figure class=\"swiper-slide-inner\"><img decoding=\"async\" class=\"swiper-slide-image\" src=\"https:\/\/www.valeriebarkowski.com\/wp-content\/uploads\/2026\/03\/mia-zia-presse-nouvel-obs-fr-mai-2004.jpg\" alt=\"Nouvel Obs 2004\" \/><figcaption class=\"elementor-image-carousel-caption\">Nouvel Obs 2004<\/figcaption><\/figure><\/div>\t\t\t<\/div>\n\t\t\t\t\t\t\t\t\t\t\t\t<div class=\"elementor-swiper-button elementor-swiper-button-prev\" role=\"button\" tabindex=\"0\">\n\t\t\t\t\t\t<svg aria-hidden=\"true\" class=\"e-font-icon-svg e-eicon-chevron-left\" viewBox=\"0 0 1000 1000\" xmlns=\"http:\/\/www.w3.org\/2000\/svg\"><path d=\"M646 125C629 125 613 133 604 142L308 442C296 454 292 471 292 487 292 504 296 521 308 533L604 854C617 867 629 875 646 875 663 875 679 871 692 858 704 846 713 829 713 812 713 796 708 779 692 767L438 487 692 225C700 217 708 204 708 187 708 171 704 154 692 142 675 129 663 125 646 125Z\"><\/path><\/svg>\t\t\t\t\t<\/div>\n\t\t\t\t\t<div class=\"elementor-swiper-button elementor-swiper-button-next\" role=\"button\" tabindex=\"0\">\n\t\t\t\t\t\t<svg aria-hidden=\"true\" class=\"e-font-icon-svg e-eicon-chevron-right\" viewBox=\"0 0 1000 1000\" xmlns=\"http:\/\/www.w3.org\/2000\/svg\"><path d=\"M696 533C708 521 713 504 713 487 713 471 708 454 696 446L400 146C388 133 375 125 354 125 338 125 325 129 313 142 300 154 292 171 292 187 292 204 296 221 308 233L563 492 304 771C292 783 288 800 288 817 288 833 296 850 308 863 321 871 338 875 354 875 371 875 388 867 400 854L696 533Z\"><\/path><\/svg>\t\t\t\t\t<\/div>\n\t\t\t\t\n\t\t\t\t\t\t\t\t\t<div class=\"swiper-pagination\"><\/div>\n\t\t\t\t\t\t\t\t\t<\/div>\n\t\t\t\t\t\t<\/div>\n\t\t\t\t<div class=\"elementor-element elementor-element-b13e78f elementor-widget elementor-widget-text-editor\" data-id=\"b13e78f\" data-element_type=\"widget\" data-e-type=\"widget\" data-widget_type=\"text-editor.default\">\n\t\t\t\t\t\t\t\t\t<p>D\u00e9couvrez l&rsquo;h\u00e9ritage de Mia Zia \u00e0 travers ce film in\u00e9dit :<\/p><p><a style=\"font-size: 24px;\" href=\"https:\/\/www.youtube.com\/watch?v=HMsEY09Aqig\" target=\"_blank\" rel=\"noopener\">Les ann\u00e9es Mia Zia de Val\u00e9rie Barkowski 1997 &#8211; 2007<\/a><\/p>\t\t\t\t\t\t\t\t<\/div>\n\t\t\t\t\t<\/div>\n\t\t\t\t<\/div>\n\t\t\t\t<\/div>\n\t\t","protected":false},"excerpt":{"rendered":"<p>La naissance d&rsquo;un projet : quand l&rsquo;art rencontre la mode artisanale En 1997, Val\u00e9rie Barkowski fonde Mia Zia \u00e0 Marrakech. L&rsquo;id\u00e9e na\u00eet d&rsquo;un besoin pratique : financer la Fondation Sahart, un projet artistique qu&rsquo;elle cr\u00e9e apr\u00e8s son installation dans la ville rouge. Au d\u00e9part, elle voulait monter une galerie d&rsquo;art. Mia Zia devient un accident &hellip;<\/p>\n","protected":false},"author":2,"featured_media":12708,"comment_status":"closed","ping_status":"closed","sticky":false,"template":"","format":"standard","meta":{"_jetpack_memberships_contains_paid_content":false,"footnotes":""},"categories":[66],"tags":[313,316,320,319,321],"class_list":["post-12473","post","type-post","status-publish","format-standard","has-post-thumbnail","hentry","category-adn-et-archives","tag-artisanat-textile","tag-identite-de-marque-artisanale","tag-lifestyle","tag-marque-textile","tag-mode-artisanale"],"acf":[],"jetpack_featured_media_url":"https:\/\/www.valeriebarkowski.com\/wp-content\/uploads\/2026\/02\/mia-zia-1999-mode-artisanale-tania-panova-photo-banner-ok.jpg","jetpack_sharing_enabled":true,"_links":{"self":[{"href":"https:\/\/www.valeriebarkowski.com\/fr\/wp-json\/wp\/v2\/posts\/12473","targetHints":{"allow":["GET"]}}],"collection":[{"href":"https:\/\/www.valeriebarkowski.com\/fr\/wp-json\/wp\/v2\/posts"}],"about":[{"href":"https:\/\/www.valeriebarkowski.com\/fr\/wp-json\/wp\/v2\/types\/post"}],"author":[{"embeddable":true,"href":"https:\/\/www.valeriebarkowski.com\/fr\/wp-json\/wp\/v2\/users\/2"}],"replies":[{"embeddable":true,"href":"https:\/\/www.valeriebarkowski.com\/fr\/wp-json\/wp\/v2\/comments?post=12473"}],"version-history":[{"count":16,"href":"https:\/\/www.valeriebarkowski.com\/fr\/wp-json\/wp\/v2\/posts\/12473\/revisions"}],"predecessor-version":[{"id":12810,"href":"https:\/\/www.valeriebarkowski.com\/fr\/wp-json\/wp\/v2\/posts\/12473\/revisions\/12810"}],"wp:featuredmedia":[{"embeddable":true,"href":"https:\/\/www.valeriebarkowski.com\/fr\/wp-json\/wp\/v2\/media\/12708"}],"wp:attachment":[{"href":"https:\/\/www.valeriebarkowski.com\/fr\/wp-json\/wp\/v2\/media?parent=12473"}],"wp:term":[{"taxonomy":"category","embeddable":true,"href":"https:\/\/www.valeriebarkowski.com\/fr\/wp-json\/wp\/v2\/categories?post=12473"},{"taxonomy":"post_tag","embeddable":true,"href":"https:\/\/www.valeriebarkowski.com\/fr\/wp-json\/wp\/v2\/tags?post=12473"}],"curies":[{"name":"wp","href":"https:\/\/api.w.org\/{rel}","templated":true}]}}